{"id":5735,"date":"2025-02-26T11:35:29","date_gmt":"2025-02-26T10:35:29","guid":{"rendered":"https:\/\/dcalastudio.com\/?p=5735"},"modified":"2026-07-20T11:50:59","modified_gmt":"2026-07-20T09:50:59","slug":"espacios-de-trabajo-que-inspiran-el-impacto-del-diseno-en-la-productividad","status":"publish","type":"post","link":"https:\/\/dcalastudio.com\/fr\/espacios-de-trabajo-que-inspiran-el-impacto-del-diseno-en-la-productividad\/","title":{"rendered":"Espaces de travail inspirants\u00a0: l&#039;impact du design sur la productivit\u00e9"},"content":{"rendered":"<div data-elementor-type=\"wp-post\" data-elementor-id=\"5735\" class=\"elementor elementor-5735\" data-elementor-post-type=\"post\">\n\t\t\t\t<div data-particle_enable=\"false\" data-particle-mobile-disabled=\"false\" class=\"elementor-element elementor-element-aa09740 e-flex e-con-boxed e-con e-parent\" data-id=\"aa09740\" data-element_type=\"container\" data-e-type=\"container\">\n\t\t\t\t\t<div class=\"e-con-inner\">\n\t\t\t\t<div class=\"elementor-element elementor-element-7663f0a elementor-widget elementor-widget-text-editor\" data-id=\"7663f0a\" data-element_type=\"widget\" data-e-type=\"widget\" data-widget_type=\"text-editor.default\">\n\t\t\t\t\t\t\t\t\t<p><span style=\"font-weight: 400;\">Dans un monde o\u00f9 nos modes de travail ont radicalement chang\u00e9 ces derni\u00e8res ann\u00e9es, l&#039;am\u00e9nagement des espaces de travail a pris une importance sans pr\u00e9c\u00e9dent. Un bureau fonctionnel ne suffit plus\u00a0; les environnements de travail doivent d\u00e9sormais favoriser la productivit\u00e9, la cr\u00e9ativit\u00e9 et le bien-\u00eatre des employ\u00e9s.<\/span><\/p><p><span style=\"font-weight: 400;\">La productivit\u00e9 d&#039;une \u00e9quipe d\u00e9pend non seulement de son talent ou des outils technologiques dont elle dispose, mais aussi de l&#039;espace dans lequel elle accomplit ses t\u00e2ches quotidiennes. Des \u00e9tudes r\u00e9centes le confirment. <\/span><b>Une conception de bureau appropri\u00e9e peut augmenter l\u2019efficacit\u00e9 des travailleurs jusqu\u2019\u00e0 20 %.<\/b><span style=\"font-weight: 400;\"> et am\u00e9liorez votre humeur en r\u00e9duisant le stress et la fatigue.<\/span><\/p><p><span style=\"font-weight: 400;\">Dans cet article, nous partagerons comment la conception des bureaux influence directement la productivit\u00e9, quels \u00e9l\u00e9ments cl\u00e9s \u00e0 prendre en compte et quelles solutions pratiques peuvent transformer n&#039;importe quel espace de travail en un environnement inspirant et efficace.<\/span><\/p>\t\t\t\t\t\t\t\t<\/div>\n\t\t\t\t\t<\/div>\n\t\t\t\t<\/div>\n\t\t<div data-particle_enable=\"false\" data-particle-mobile-disabled=\"false\" class=\"elementor-element elementor-element-91d6ba1 e-flex e-con-boxed e-con e-parent\" data-id=\"91d6ba1\" data-element_type=\"container\" data-e-type=\"container\">\n\t\t\t\t\t<div class=\"e-con-inner\">\n\t\t\t\t<div class=\"elementor-element elementor-element-da5e7b8 elementor-widget elementor-widget-heading\" data-id=\"da5e7b8\" data-element_type=\"widget\" data-e-type=\"widget\" data-widget_type=\"heading.default\">\n\t\t\t\t\t<h2 class=\"elementor-heading-title elementor-size-default\">Comment le design influence-t-il la productivit\u00e9 ?<\/h2>\t\t\t\t<\/div>\n\t\t\t\t\t<\/div>\n\t\t\t\t<\/div>\n\t\t<div data-particle_enable=\"false\" data-particle-mobile-disabled=\"false\" class=\"elementor-element elementor-element-a44669a e-flex e-con-boxed e-con e-parent\" data-id=\"a44669a\" data-element_type=\"container\" data-e-type=\"container\">\n\t\t\t\t\t<div class=\"e-con-inner\">\n\t\t\t\t<div class=\"elementor-element elementor-element-e38d5cb elementor-widget elementor-widget-text-editor\" data-id=\"e38d5cb\" data-element_type=\"widget\" data-e-type=\"widget\" data-widget_type=\"text-editor.default\">\n\t\t\t\t\t\t\t\t\t<p><span style=\"font-weight: 400\">L&#039;am\u00e9nagement d&#039;un espace de travail n&#039;est pas seulement une question d&#039;esth\u00e9tique\u00a0; il a un impact r\u00e9el et mesurable sur la performance des employ\u00e9s. La disposition du mobilier, l&#039;\u00e9clairage, la couleur, le bruit et l&#039;ergonomie sont autant de facteurs qui peuvent am\u00e9liorer ou nuire \u00e0 l&#039;efficacit\u00e9 au travail.<\/span><\/p><p><span style=\"font-weight: 400\">Mais examinons chacun de ces facteurs ind\u00e9pendamment.<\/span><\/p>\t\t\t\t\t\t\t\t<\/div>\n\t\t\t\t<div class=\"elementor-element elementor-element-b3fe1ec elementor-widget elementor-widget-heading\" data-id=\"b3fe1ec\" data-element_type=\"widget\" data-e-type=\"widget\" data-widget_type=\"heading.default\">\n\t\t\t\t\t<h3 class=\"elementor-heading-title elementor-size-default\">La lumi\u00e8re naturelle et son impact sur l&#039;\u00e9nergie et l&#039;humeur<\/h3>\t\t\t\t<\/div>\n\t\t\t\t\t<\/div>\n\t\t\t\t<\/div>\n\t\t<div data-particle_enable=\"false\" data-particle-mobile-disabled=\"false\" class=\"elementor-element elementor-element-3cde6f5 e-flex e-con-boxed e-con e-parent\" data-id=\"3cde6f5\" data-element_type=\"container\" data-e-type=\"container\">\n\t\t\t\t\t<div class=\"e-con-inner\">\n\t\t\t\t<div class=\"elementor-element elementor-element-c38ec03 elementor-widget elementor-widget-text-editor\" data-id=\"c38ec03\" data-element_type=\"widget\" data-e-type=\"widget\" data-widget_type=\"text-editor.default\">\n\t\t\t\t\t\t\t\t\t<p><span style=\"font-weight: 400\">L\u2019un des aspects les plus d\u00e9terminants de la productivit\u00e9 est la lumi\u00e8re naturelle. <\/span><b>Une \u00e9tude de l&#039;Universit\u00e9 Cornell<\/b><span style=\"font-weight: 400\"> ont conclu que les travailleurs expos\u00e9s \u00e0 la lumi\u00e8re naturelle subissaient une <\/span><b>51% moins de fatigue oculaire, 63% moins de maux de t\u00eate et une plus grande sensation de bien-\u00eatre<\/b><span style=\"font-weight: 400\"> par rapport \u00e0 ceux qui travaillaient dans des espaces avec un faible \u00e9clairage artificiel.<\/span><\/p><p><span style=\"font-weight: 400\">La lumi\u00e8re naturelle r\u00e9gule le rythme circadien, am\u00e9liorant ainsi la qualit\u00e9 du sommeil et la vigilance pendant la journ\u00e9e de travail. Un bureau dot\u00e9 de grandes fen\u00eatres, d&#039;un \u00e9clairage indirect et d&#039;un am\u00e9nagement privil\u00e9giant la lumi\u00e8re naturelle peut am\u00e9liorer le dynamisme et la motivation de l&#039;\u00e9quipe.<\/span><\/p>\t\t\t\t\t\t\t\t<\/div>\n\t\t\t\t\t<\/div>\n\t\t\t\t<\/div>\n\t\t<div data-particle_enable=\"false\" data-particle-mobile-disabled=\"false\" class=\"elementor-element elementor-element-98c66ec e-flex e-con-boxed e-con e-parent\" data-id=\"98c66ec\" data-element_type=\"container\" data-e-type=\"container\">\n\t\t\t\t\t<div class=\"e-con-inner\">\n\t\t\t\t<div class=\"elementor-element elementor-element-ce83980 elementor-widget elementor-widget-heading\" data-id=\"ce83980\" data-element_type=\"widget\" data-e-type=\"widget\" data-widget_type=\"heading.default\">\n\t\t\t\t\t<h3 class=\"elementor-heading-title elementor-size-default\">Ergonomie et sant\u00e9 physique<\/h3>\t\t\t\t<\/div>\n\t\t\t\t\t<\/div>\n\t\t\t\t<\/div>\n\t\t<div data-particle_enable=\"false\" data-particle-mobile-disabled=\"false\" class=\"elementor-element elementor-element-0c08122 e-flex e-con-boxed e-con e-parent\" data-id=\"0c08122\" data-element_type=\"container\" data-e-type=\"container\">\n\t\t\t\t\t<div class=\"e-con-inner\">\n\t\t\t\t<div class=\"elementor-element elementor-element-749a70d elementor-widget elementor-widget-text-editor\" data-id=\"749a70d\" data-element_type=\"widget\" data-e-type=\"widget\" data-widget_type=\"text-editor.default\">\n\t\t\t\t\t\t\t\t\t<p><span style=\"font-weight: 400\">Le mobilier est un autre facteur cl\u00e9. <\/span><b>80% des employ\u00e9s travaillant dans des bureaux \u00e9quip\u00e9s de mobilier ergonomique signalent une r\u00e9duction des douleurs au dos et au cou<\/b><span style=\"font-weight: 400\">Une chaise mal con\u00e7ue ou un bureau d\u2019une hauteur inappropri\u00e9e peuvent provoquer de la fatigue et diminuer la concentration.<\/span><\/p><p><span style=\"font-weight: 400\">Les bureaux modernes sont fortement recommand\u00e9s pour leur mobilier adaptable, leurs bureaux r\u00e9glables en hauteur et leurs espaces de mouvement. L&#039;am\u00e9nagement d&#039;espaces de pause et de travail flexibles favorise \u00e9galement la sant\u00e9 posturale et la cr\u00e9ativit\u00e9.<\/span><\/p>\t\t\t\t\t\t\t\t<\/div>\n\t\t\t\t\t<\/div>\n\t\t\t\t<\/div>\n\t\t<div data-particle_enable=\"false\" data-particle-mobile-disabled=\"false\" class=\"elementor-element elementor-element-588c7cd e-flex e-con-boxed e-con e-parent\" data-id=\"588c7cd\" data-element_type=\"container\" data-e-type=\"container\">\n\t\t\t\t\t<div class=\"e-con-inner\">\n\t\t\t\t<div class=\"elementor-element elementor-element-5dcf2c8 elementor-widget elementor-widget-heading\" data-id=\"5dcf2c8\" data-element_type=\"widget\" data-e-type=\"widget\" data-widget_type=\"heading.default\">\n\t\t\t\t\t<h3 class=\"elementor-heading-title elementor-size-default\">L&#039;importance de la couleur dans la concentration<\/h3>\t\t\t\t<\/div>\n\t\t\t\t\t<\/div>\n\t\t\t\t<\/div>\n\t\t<div data-particle_enable=\"false\" data-particle-mobile-disabled=\"false\" class=\"elementor-element elementor-element-6902856 e-flex e-con-boxed e-con e-parent\" data-id=\"6902856\" data-element_type=\"container\" data-e-type=\"container\">\n\t\t\t\t\t<div class=\"e-con-inner\">\n\t\t\t\t<div class=\"elementor-element elementor-element-9a4d14f elementor-widget elementor-widget-text-editor\" data-id=\"9a4d14f\" data-element_type=\"widget\" data-e-type=\"widget\" data-widget_type=\"text-editor.default\">\n\t\t\t\t\t\t\t\t\t<p><span style=\"font-weight: 400\">Les couleurs ont \u00e9galement un impact psychologique sur la performance. Si les tons froids comme le bleu ou le vert favorisent la concentration et le calme, les couleurs chaudes comme le jaune ou l&#039;orange stimulent la cr\u00e9ativit\u00e9. Un bon \u00e9quilibre entre ces deux gammes de couleurs est essentiel pour cr\u00e9er un environnement dynamique sans \u00eatre envahissant.<\/span><\/p>\t\t\t\t\t\t\t\t<\/div>\n\t\t\t\t\t<\/div>\n\t\t\t\t<\/div>\n\t\t<div data-particle_enable=\"false\" data-particle-mobile-disabled=\"false\" class=\"elementor-element elementor-element-808b0e0 e-flex e-con-boxed e-con e-parent\" data-id=\"808b0e0\" data-element_type=\"container\" data-e-type=\"container\">\n\t\t\t\t\t<div class=\"e-con-inner\">\n\t\t\t\t<div class=\"elementor-element elementor-element-f2166c7 elementor-widget elementor-widget-heading\" data-id=\"f2166c7\" data-element_type=\"widget\" data-e-type=\"widget\" data-widget_type=\"heading.default\">\n\t\t\t\t\t<h3 class=\"elementor-heading-title elementor-size-default\">R\u00e9duction du bruit et am\u00e9lioration de la mise au point<\/h3>\t\t\t\t<\/div>\n\t\t\t\t\t<\/div>\n\t\t\t\t<\/div>\n\t\t<div data-particle_enable=\"false\" data-particle-mobile-disabled=\"false\" class=\"elementor-element elementor-element-d9bde23 e-flex e-con-boxed e-con e-parent\" data-id=\"d9bde23\" data-element_type=\"container\" data-e-type=\"container\">\n\t\t\t\t\t<div class=\"e-con-inner\">\n\t\t\t\t<div class=\"elementor-element elementor-element-f555cf0 elementor-widget elementor-widget-text-editor\" data-id=\"f555cf0\" data-element_type=\"widget\" data-e-type=\"widget\" data-widget_type=\"text-editor.default\">\n\t\t\t\t\t\t\t\t\t<p><span style=\"font-weight: 400\">L\u2019un des plus grands d\u00e9fis dans les bureaux ouverts est le bruit. <\/span><b>70% des employ\u00e9s d\u00e9clarent que le bruit ambiant r\u00e9duit leur capacit\u00e9 de concentration<\/b><span style=\"font-weight: 400\">Une solution consiste \u00e0 concevoir des espaces dot\u00e9s de panneaux acoustiques, de salles priv\u00e9es et d&#039;espaces de travail calmes. Cela contribue \u00e0 am\u00e9liorer l&#039;efficacit\u00e9 et \u00e0 r\u00e9duire la fatigue mentale.<\/span><\/p>\t\t\t\t\t\t\t\t<\/div>\n\t\t\t\t<div class=\"elementor-element elementor-element-793ac48 elementor-widget elementor-widget-image\" data-id=\"793ac48\" data-element_type=\"widget\" data-e-type=\"widget\" data-widget_type=\"image.default\">\n\t\t\t\t\t\t\t\t\t\t\t\t\t\t\t<img fetchpriority=\"high\" decoding=\"async\" width=\"1024\" height=\"683\" src=\"https:\/\/dcalastudio.com\/wp-content\/uploads\/2025\/02\/disen\u0303o-oficinas-dcala-studio-1024x683.png\" class=\"attachment-large size-large wp-image-5736\" alt=\"ejemplo de un dise\u00f1o de oficinas que mejoran la productividad\" srcset=\"https:\/\/dcalastudio.com\/wp-content\/uploads\/2025\/02\/disen\u0303o-oficinas-dcala-studio-1024x683.png 1024w, https:\/\/dcalastudio.com\/wp-content\/uploads\/2025\/02\/disen\u0303o-oficinas-dcala-studio-300x200.png 300w, https:\/\/dcalastudio.com\/wp-content\/uploads\/2025\/02\/disen\u0303o-oficinas-dcala-studio-768x512.png 768w, https:\/\/dcalastudio.com\/wp-content\/uploads\/2025\/02\/disen\u0303o-oficinas-dcala-studio.png 1200w\" sizes=\"(max-width: 1024px) 100vw, 1024px\" \/>\t\t\t\t\t\t\t\t\t\t\t\t\t\t\t<\/div>\n\t\t\t\t<div class=\"elementor-element elementor-element-a180ede elementor-widget elementor-widget-heading\" data-id=\"a180ede\" data-element_type=\"widget\" data-e-type=\"widget\" data-widget_type=\"heading.default\">\n\t\t\t\t\t<h2 class=\"elementor-heading-title elementor-size-default\">Des solutions pratiques pour un espace de travail efficace<\/h2>\t\t\t\t<\/div>\n\t\t\t\t<div class=\"elementor-element elementor-element-c8a0e63 elementor-widget elementor-widget-text-editor\" data-id=\"c8a0e63\" data-element_type=\"widget\" data-e-type=\"widget\" data-widget_type=\"text-editor.default\">\n\t\t\t\t\t\t\t\t\t<p><span style=\"font-weight: 400\">Maintenant que nous comprenons l\u2019importance du design dans la productivit\u00e9, voyons comment nous pouvons l\u2019appliquer aux bureaux de toute taille.<\/span><\/p>\t\t\t\t\t\t\t\t<\/div>\n\t\t\t\t\t<\/div>\n\t\t\t\t<\/div>\n\t\t<div data-particle_enable=\"false\" data-particle-mobile-disabled=\"false\" class=\"elementor-element elementor-element-bf02546 e-flex e-con-boxed e-con e-parent\" data-id=\"bf02546\" data-element_type=\"container\" data-e-type=\"container\">\n\t\t\t\t\t<div class=\"e-con-inner\">\n\t\t\t\t<div class=\"elementor-element elementor-element-2fa5f4b elementor-widget elementor-widget-heading\" data-id=\"2fa5f4b\" data-element_type=\"widget\" data-e-type=\"widget\" data-widget_type=\"heading.default\">\n\t\t\t\t\t<h3 class=\"elementor-heading-title elementor-size-default\">Des espaces ouverts mais bien r\u00e9partis<\/h3>\t\t\t\t<\/div>\n\t\t\t\t\t<\/div>\n\t\t\t\t<\/div>\n\t\t<div data-particle_enable=\"false\" data-particle-mobile-disabled=\"false\" class=\"elementor-element elementor-element-8d0759c e-flex e-con-boxed e-con e-parent\" data-id=\"8d0759c\" data-element_type=\"container\" data-e-type=\"container\">\n\t\t\t\t\t<div class=\"e-con-inner\">\n\t\t\t\t<div class=\"elementor-element elementor-element-2df2a3c elementor-widget elementor-widget-text-editor\" data-id=\"2df2a3c\" data-element_type=\"widget\" data-e-type=\"widget\" data-widget_type=\"text-editor.default\">\n\t\t\t\t\t\t\t\t\t<p><span style=\"font-weight: 400\">Le concept de bureau ouvert a gagn\u00e9 en popularit\u00e9, mais mal g\u00e9r\u00e9, il peut engendrer des distractions. Une solution consiste \u00e0 combiner les espaces ouverts avec des espaces priv\u00e9s ou des cabines insonoris\u00e9es o\u00f9 les employ\u00e9s peuvent se concentrer sans \u00eatre d\u00e9rang\u00e9s.<\/span><\/p>\t\t\t\t\t\t\t\t<\/div>\n\t\t\t\t\t<\/div>\n\t\t\t\t<\/div>\n\t\t<div data-particle_enable=\"false\" data-particle-mobile-disabled=\"false\" class=\"elementor-element elementor-element-28a1842 e-flex e-con-boxed e-con e-parent\" data-id=\"28a1842\" data-element_type=\"container\" data-e-type=\"container\">\n\t\t\t\t\t<div class=\"e-con-inner\">\n\t\t\t\t<div class=\"elementor-element elementor-element-fbaccfe elementor-widget elementor-widget-heading\" data-id=\"fbaccfe\" data-element_type=\"widget\" data-e-type=\"widget\" data-widget_type=\"heading.default\">\n\t\t\t\t\t<h3 class=\"elementor-heading-title elementor-size-default\">Mobilier flexible et adaptable<\/h3>\t\t\t\t<\/div>\n\t\t\t\t\t<\/div>\n\t\t\t\t<\/div>\n\t\t<div data-particle_enable=\"false\" data-particle-mobile-disabled=\"false\" class=\"elementor-element elementor-element-0e5deb2 e-flex e-con-boxed e-con e-parent\" data-id=\"0e5deb2\" data-element_type=\"container\" data-e-type=\"container\">\n\t\t\t\t\t<div class=\"e-con-inner\">\n\t\t\t\t<div class=\"elementor-element elementor-element-50dfafc elementor-widget elementor-widget-text-editor\" data-id=\"50dfafc\" data-element_type=\"widget\" data-e-type=\"widget\" data-widget_type=\"text-editor.default\">\n\t\t\t\t\t\t\t\t\t<p><span style=\"font-weight: 400\">Les bureaux les plus productifs sont ceux qui offrent des options \u00e0 leurs employ\u00e9s. Bureaux ajustables, salles de r\u00e9union modulables et espaces de travail collaboratifs permettent \u00e0 chacun de choisir l&#039;environnement le mieux adapt\u00e9 \u00e0 sa t\u00e2che.<\/span><\/p>\t\t\t\t\t\t\t\t<\/div>\n\t\t\t\t\t<\/div>\n\t\t\t\t<\/div>\n\t\t<div data-particle_enable=\"false\" data-particle-mobile-disabled=\"false\" class=\"elementor-element elementor-element-ccaf6cc e-flex e-con-boxed e-con e-parent\" data-id=\"ccaf6cc\" data-element_type=\"container\" data-e-type=\"container\">\n\t\t\t\t\t<div class=\"e-con-inner\">\n\t\t\t\t<div class=\"elementor-element elementor-element-06c26f8 elementor-widget elementor-widget-heading\" data-id=\"06c26f8\" data-element_type=\"widget\" data-e-type=\"widget\" data-widget_type=\"heading.default\">\n\t\t\t\t\t<h3 class=\"elementor-heading-title elementor-size-default\">Int\u00e9gration d&#039;\u00e9l\u00e9ments biophiliques<\/h3>\t\t\t\t<\/div>\n\t\t\t\t\t<\/div>\n\t\t\t\t<\/div>\n\t\t<div data-particle_enable=\"false\" data-particle-mobile-disabled=\"false\" class=\"elementor-element elementor-element-7e95568 e-flex e-con-boxed e-con e-parent\" data-id=\"7e95568\" data-element_type=\"container\" data-e-type=\"container\">\n\t\t\t\t\t<div class=\"e-con-inner\">\n\t\t\t\t<div class=\"elementor-element elementor-element-0e93876 elementor-widget elementor-widget-text-editor\" data-id=\"0e93876\" data-element_type=\"widget\" data-e-type=\"widget\" data-widget_type=\"text-editor.default\">\n\t\t\t\t\t\t\t\t\t<p><span style=\"font-weight: 400\">La nature a un impact positif sur le corps et l&#039;esprit. Int\u00e9grer des plantes au travail am\u00e9liore non seulement la qualit\u00e9 de l&#039;air, mais r\u00e9duit \u00e9galement le stress et stimule la cr\u00e9ativit\u00e9. Une \u00e9tude de l&#039;Universit\u00e9 d&#039;Exeter a montr\u00e9 que <\/span><b>Les employ\u00e9s travaillant dans des environnements v\u00e9g\u00e9talis\u00e9s sont 15% plus productifs<\/b><span style=\"font-weight: 400\">.<\/span><\/p><p><span style=\"font-weight: 400\">Si vous \u00eates int\u00e9ress\u00e9 par ce domaine, <a href=\"https:\/\/dcalastudio.com\/fr\/conecta-tu-hogar-con-la-naturaleza-y-mejora-tu-bienestar\/\">Dans notre article pr\u00e9c\u00e9dent, nous avons parl\u00e9 de la conception biophilique et de son impact<\/a>.<\/span><\/p>\t\t\t\t\t\t\t\t<\/div>\n\t\t\t\t\t<\/div>\n\t\t\t\t<\/div>\n\t\t<div data-particle_enable=\"false\" data-particle-mobile-disabled=\"false\" class=\"elementor-element elementor-element-f757ef4 e-flex e-con-boxed e-con e-parent\" data-id=\"f757ef4\" data-element_type=\"container\" data-e-type=\"container\">\n\t\t\t\t\t<div class=\"e-con-inner\">\n\t\t\t\t<div class=\"elementor-element elementor-element-80986e5 elementor-widget elementor-widget-heading\" data-id=\"80986e5\" data-element_type=\"widget\" data-e-type=\"widget\" data-widget_type=\"heading.default\">\n\t\t\t\t\t<h3 class=\"elementor-heading-title elementor-size-default\">\u00c9clairage intelligent et adaptable<\/h3>\t\t\t\t<\/div>\n\t\t\t\t\t<\/div>\n\t\t\t\t<\/div>\n\t\t<div data-particle_enable=\"false\" data-particle-mobile-disabled=\"false\" class=\"elementor-element elementor-element-37c0895 e-flex e-con-boxed e-con e-parent\" data-id=\"37c0895\" data-element_type=\"container\" data-e-type=\"container\">\n\t\t\t\t\t<div class=\"e-con-inner\">\n\t\t\t\t<div class=\"elementor-element elementor-element-3b8d31b elementor-widget elementor-widget-text-editor\" data-id=\"3b8d31b\" data-element_type=\"widget\" data-e-type=\"widget\" data-widget_type=\"text-editor.default\">\n\t\t\t\t\t\t\t\t\t<p><span style=\"font-weight: 400\">La lumi\u00e8re naturelle doit \u00eatre l\u2019objectif principal, mais lorsque cela n\u2019est pas possible, il est conseill\u00e9 d\u2019utiliser un \u00e9clairage LED \u00e0 intensit\u00e9 variable qui imite la lumi\u00e8re du jour et pr\u00e9vient la fatigue oculaire.<\/span><\/p>\t\t\t\t\t\t\t\t<\/div>\n\t\t\t\t\t<\/div>\n\t\t\t\t<\/div>\n\t\t<div data-particle_enable=\"false\" data-particle-mobile-disabled=\"false\" class=\"elementor-element elementor-element-0c59e5a e-flex e-con-boxed e-con e-parent\" data-id=\"0c59e5a\" data-element_type=\"container\" data-e-type=\"container\">\n\t\t\t\t\t<div class=\"e-con-inner\">\n\t\t\t\t<div class=\"elementor-element elementor-element-d613554 elementor-widget elementor-widget-heading\" data-id=\"d613554\" data-element_type=\"widget\" data-e-type=\"widget\" data-widget_type=\"heading.default\">\n\t\t\t\t\t<h3 class=\"elementor-heading-title elementor-size-default\">Espaces de repos strat\u00e9giques<\/h3>\t\t\t\t<\/div>\n\t\t\t\t\t<\/div>\n\t\t\t\t<\/div>\n\t\t<div data-particle_enable=\"false\" data-particle-mobile-disabled=\"false\" class=\"elementor-element elementor-element-317586f e-flex e-con-boxed e-con e-parent\" data-id=\"317586f\" data-element_type=\"container\" data-e-type=\"container\">\n\t\t\t\t\t<div class=\"e-con-inner\">\n\t\t\t\t<div class=\"elementor-element elementor-element-b6e96b1 elementor-widget elementor-widget-text-editor\" data-id=\"b6e96b1\" data-element_type=\"widget\" data-e-type=\"widget\" data-widget_type=\"text-editor.default\">\n\t\t\t\t\t\t\t\t\t<p><span style=\"font-weight: 400\">Les pauses actives augmentent la productivit\u00e9. Des espaces de pause bien con\u00e7us, avec des canap\u00e9s confortables, un \u00e9clairage tamis\u00e9 et des \u00e9l\u00e9ments de d\u00e9tente, favorisent la d\u00e9tente et vous permettent de reprendre le travail avec plus d&#039;\u00e9nergie.<\/span><\/p>\t\t\t\t\t\t\t\t<\/div>\n\t\t\t\t\t<\/div>\n\t\t\t\t<\/div>\n\t\t<div data-particle_enable=\"false\" data-particle-mobile-disabled=\"false\" class=\"elementor-element elementor-element-8dd13ee e-flex e-con-boxed e-con e-parent\" data-id=\"8dd13ee\" data-element_type=\"container\" data-e-type=\"container\">\n\t\t\t\t\t<div class=\"e-con-inner\">\n\t\t\t\t<div class=\"elementor-element elementor-element-ba7febf elementor-widget elementor-widget-text-editor\" data-id=\"ba7febf\" data-element_type=\"widget\" data-e-type=\"widget\" data-widget_type=\"text-editor.default\">\n\t\t\t\t\t\t\t\t\t<p><span style=\"font-weight: 400\">L\u2019am\u00e9nagement des bureaux n\u2019est plus seulement une question d\u2019esth\u00e9tique, mais un outil strat\u00e9gique pour stimuler la productivit\u00e9 et le bien-\u00eatre des \u00e9quipes. <\/span><b>Dcala Studio<\/b><span style=\"font-weight: 400\">Nous pensons que les espaces de travail doivent \u00eatre con\u00e7us en pensant aux personnes qui y vivent.<\/span><\/p><p><span style=\"font-weight: 400\">Chaque projet que nous d\u00e9veloppons repose sur un principe fondamental : <\/span><b>Un environnement bien con\u00e7u am\u00e9liore l&#039;exp\u00e9rience de travail, encourage la cr\u00e9ativit\u00e9 et optimise les performances<\/b><span style=\"font-weight: 400\">Que ce soit par des solutions biophiliques, du mobilier ergonomique ou un am\u00e9nagement intelligent, notre objectif est de transformer les bureaux en espaces o\u00f9 les id\u00e9es circulent et o\u00f9 la motivation prosp\u00e8re.<\/span><\/p><p><span style=\"font-weight: 400\">Si vous pensez que votre bureau a besoin d&#039;une refonte pour am\u00e9liorer la productivit\u00e9 et le bien-\u00eatre de votre \u00e9quipe, nous sommes l\u00e0 pour vous aider. <a href=\"https:\/\/dcalastudio.com\/fr\/contacto\/\">On se parle plus tard ?<\/a><\/span><\/p><p>Si vous souhaitez voir quelques exemples, nous partageons nos cha\u00eenes avec vous. <a href=\"https:\/\/www.linkedin.com\/company\/dcalastudio\" target=\"_blank\" rel=\"noopener\">LinkedIn<\/a> et <a href=\"https:\/\/www.instagram.com\/dcalastudio\" target=\"_blank\" rel=\"noopener\">Instagram<\/a>.<\/p>\t\t\t\t\t\t\t\t<\/div>\n\t\t\t\t\t<\/div>\n\t\t\t\t<\/div>\n\t\t\t\t<\/div>","protected":false},"excerpt":{"rendered":"<p>Dans un monde o\u00f9 nos modes de travail ont radicalement chang\u00e9 ces derni\u00e8res ann\u00e9es, l&#039;am\u00e9nagement des espaces de travail a pris une importance sans pr\u00e9c\u00e9dent. Un bureau fonctionnel ne suffit plus\u00a0; les environnements de travail doivent d\u00e9sormais favoriser la productivit\u00e9, la cr\u00e9ativit\u00e9 et le bien-\u00eatre des employ\u00e9s.<\/p>","protected":false},"author":6,"featured_media":5737,"comment_status":"open","ping_status":"open","sticky":false,"template":"","format":"standard","meta":{"_acf_changed":false,"site-sidebar-layout":"default","site-content-layout":"default","ast-site-content-layout":"default","site-content-style":"default","site-sidebar-style":"default","ast-global-header-display":"","ast-banner-title-visibility":"","ast-main-header-display":"","ast-hfb-above-header-display":"","ast-hfb-below-header-display":"","ast-hfb-mobile-header-display":"","site-post-title":"","ast-breadcrumbs-content":"","ast-featured-img":"","footer-sml-layout":"","theme-transparent-header-meta":"default","adv-header-id-meta":"","stick-header-meta":"","header-above-stick-meta":"","header-main-stick-meta":"","header-below-stick-meta":"","astra-migrate-meta-layouts":"default","ast-page-background-enabled":"default","ast-page-background-meta":{"desktop":{"background-color":"","background-image":"","background-repeat":"repeat","background-position":"center center","background-size":"auto","background-attachment":"scroll","background-type":"","background-media":"","overlay-type":"","overlay-color":"","overlay-opacity":"","overlay-gradient":""},"tablet":{"background-color":"","background-image":"","background-repeat":"repeat","background-position":"center center","background-size":"auto","background-attachment":"scroll","background-type":"","background-media":"","overlay-type":"","overlay-color":"","overlay-opacity":"","overlay-gradient":""},"mobile":{"background-color":"","background-image":"","background-repeat":"repeat","background-position":"center center","background-size":"auto","background-attachment":"scroll","background-type":"","background-media":"","overlay-type":"","overlay-color":"","overlay-opacity":"","overlay-gradient":""}},"ast-content-background-meta":{"desktop":{"background-color":"var(--ast-global-color-5)","background-image":"","background-repeat":"repeat","background-position":"center center","background-size":"auto","background-attachment":"scroll","background-type":"","background-media":"","overlay-type":"","overlay-color":"","overlay-opacity":"","overlay-gradient":""},"tablet":{"background-color":"var(--ast-global-color-5)","background-image":"","background-repeat":"repeat","background-position":"center center","background-size":"auto","background-attachment":"scroll","background-type":"","background-media":"","overlay-type":"","overlay-color":"","overlay-opacity":"","overlay-gradient":""},"mobile":{"background-color":"var(--ast-global-color-5)","background-image":"","background-repeat":"repeat","background-position":"center center","background-size":"auto","background-attachment":"scroll","background-type":"","background-media":"","overlay-type":"","overlay-color":"","overlay-opacity":"","overlay-gradient":""}},"footnotes":""},"categories":[1],"tags":[],"class_list":["post-5735","post","type-post","status-publish","format-standard","has-post-thumbnail","hentry","category-uncategorized"],"acf":[],"_links":{"self":[{"href":"https:\/\/dcalastudio.com\/fr\/wp-json\/wp\/v2\/posts\/5735","targetHints":{"allow":["GET"]}}],"collection":[{"href":"https:\/\/dcalastudio.com\/fr\/wp-json\/wp\/v2\/posts"}],"about":[{"href":"https:\/\/dcalastudio.com\/fr\/wp-json\/wp\/v2\/types\/post"}],"author":[{"embeddable":true,"href":"https:\/\/dcalastudio.com\/fr\/wp-json\/wp\/v2\/users\/6"}],"replies":[{"embeddable":true,"href":"https:\/\/dcalastudio.com\/fr\/wp-json\/wp\/v2\/comments?post=5735"}],"version-history":[{"count":11,"href":"https:\/\/dcalastudio.com\/fr\/wp-json\/wp\/v2\/posts\/5735\/revisions"}],"predecessor-version":[{"id":7146,"href":"https:\/\/dcalastudio.com\/fr\/wp-json\/wp\/v2\/posts\/5735\/revisions\/7146"}],"wp:featuredmedia":[{"embeddable":true,"href":"https:\/\/dcalastudio.com\/fr\/wp-json\/wp\/v2\/media\/5737"}],"wp:attachment":[{"href":"https:\/\/dcalastudio.com\/fr\/wp-json\/wp\/v2\/media?parent=5735"}],"wp:term":[{"taxonomy":"category","embeddable":true,"href":"https:\/\/dcalastudio.com\/fr\/wp-json\/wp\/v2\/categories?post=5735"},{"taxonomy":"post_tag","embeddable":true,"href":"https:\/\/dcalastudio.com\/fr\/wp-json\/wp\/v2\/tags?post=5735"}],"curies":[{"name":"wp","href":"https:\/\/api.w.org\/{rel}","templated":true}]}}